{"id":1343,"date":"2025-10-02T10:29:59","date_gmt":"2025-10-02T08:29:59","guid":{"rendered":"https:\/\/mirabel-ermitage.com\/?p=1343"},"modified":"2025-10-02T11:20:15","modified_gmt":"2025-10-02T09:20:15","slug":"allsaint-ferien-auf-dem-campingplatz-in-granville","status":"publish","type":"post","link":"https:\/\/mirabel-ermitage.com\/de\/vacances-de-la-toussaint-au-camping-a-granville\/","title":{"rendered":"\ud83c\udf42 Allerheiligenferien auf dem Campingplatz in Granville"},"content":{"rendered":"<p data-block-type=\"core\">Die Allerheiligenferien stehen vor der T\u00fcr und das ist die perfekte Gelegenheit f\u00fcr einen Ausflug mit dem Wohnmobil an die K\u00fcste der Normandie! <\/p>\n\n\n\n<p data-block-type=\"core\"><strong>Der Campingplatz L'Ermitage in Donville-les-Bains<\/strong> empf\u00e4ngt Sie in einer friedlichen Umgebung, nur wenige Schritte von Granville entfernt und gegen\u00fcber den Chausey-Inseln. <\/p>\n\n\n\n<p data-block-type=\"core\"><\/p>\n\n\n\n<div class=\"wp-block-stackable-columns stk-block-columns stk-block stk-ef871ad\" data-block-id=\"ef871ad\"><div class=\"stk-row stk-inner-blocks stk-block-content stk-content-align stk-ef871ad-column\">\n<div class=\"wp-block-stackable-column stk-block-column stk-column stk-block stk-20de941\" data-v=\"4\" data-block-id=\"20de941\"><div class=\"stk-column-wrapper stk-block-column__content stk-container stk-20de941-container stk--no-background stk--no-padding\"><div class=\"stk-block-content stk-inner-blocks stk-20de941-inner-blocks\">\n<div class=\"wp-block-stackable-columns stk-block-columns stk-block stk-6171e70\" data-block-id=\"6171e70\"><div class=\"stk-row stk-inner-blocks stk-block-content stk-content-align stk-6171e70-column\">\n<div class=\"wp-block-stackable-column stk-block-column stk-column stk-block stk-6492564\" data-v=\"4\" data-block-id=\"6492564\"><div class=\"stk-column-wrapper stk-block-column__content stk-container stk-6492564-container stk--no-background stk--no-padding\"><div class=\"stk-block-content stk-inner-blocks stk-6492564-inner-blocks\">\n<div class=\"wp-block-stackable-image stk-block-image stk-block stk-c33f9f7\" data-block-id=\"c33f9f7\"><figure><span class=\"stk-img-wrapper stk-image--shape-stretch\"><img loading=\"lazy\" decoding=\"async\" class=\"stk-img wp-image-1350\" src=\"https:\/\/mirabel-ermitage.com\/wp-content\/uploads\/2025\/10\/camping-car-camping-granville.jpg\" width=\"600\" height=\"400\" alt=\"ger\u00e4umiger Stellplatz f\u00fcr Wohnmobile Oktober in Granville\" srcset=\"https:\/\/mirabel-ermitage.com\/wp-content\/uploads\/2025\/10\/camping-car-camping-granville.jpg 600w, https:\/\/mirabel-ermitage.com\/wp-content\/uploads\/2025\/10\/camping-car-camping-granville-300x200.jpg 300w, https:\/\/mirabel-ermitage.com\/wp-content\/uploads\/2025\/10\/camping-car-camping-granville-18x12.jpg 18w, https:\/\/mirabel-ermitage.com\/wp-content\/uploads\/2025\/10\/camping-car-camping-granville-500x333.jpg 500w\" sizes=\"auto, (max-width: 600px) 100vw, 600px\" \/><\/span><\/figure><\/div>\n\n\n\n<div class=\"wp-block-stackable-text stk-block-text stk-block stk-c4838d8\" data-block-id=\"c4838d8\"><p class=\"stk-block-text__text\"><\/p><\/div>\n<\/div><\/div><\/div>\n\n\n\n<div class=\"wp-block-stackable-column stk-block-column stk-column stk-block stk-0d5235a\" data-v=\"4\" data-block-id=\"0d5235a\"><div class=\"stk-column-wrapper stk-block-column__content stk-container stk-0d5235a-container stk--no-background stk--no-padding\"><div class=\"stk-block-content stk-inner-blocks stk-0d5235a-inner-blocks\">\n<h2 class=\"wp-block-heading\" data-block-type=\"core\">Empfang von Wohnmobilisten im Oktober<\/h2>\n\n\n\n<p data-block-type=\"core\">Unsere <a href=\"https:\/\/mirabel-ermitage.com\/de\/campingplatze\/\" data-type=\"page\" data-id=\"675\">Standorte<\/a> ger\u00e4umig und praktisch sind perfekt f\u00fcr Wohnmobile geeignet. So k\u00f6nnen Sie bequem parken und unsere Dienstleistungen f\u00fcr einen ruhigen und geselligen Aufenthalt in Anspruch nehmen. Ob Sie nur f\u00fcr eine Nacht einen Zwischenstopp einlegen oder einen l\u00e4ngeren Aufenthalt planen, unser Team steht Ihnen zur Verf\u00fcgung, um Ihren Urlaub angenehm zu gestalten.<\/p>\n\n\n\n<p data-block-type=\"core\"><strong>Praktische Infos : <\/strong><\/p>\n\n\n\n<ul class=\"wp-block-list\" data-block-type=\"core\">\n<li data-block-type=\"core\">Stellplatz mit Strom : <strong>ab 13\u20ac pro Nacht<\/strong> f\u00fcr eine Person<\/li>\n\n\n\n<li data-block-type=\"core\">Stromanschluss 10 Ampere (2300 W). Vergessen Sie nicht, einen NE-Adapter P17 mitzubringen.<\/li>\n\n\n\n<li data-block-type=\"core\">Entleerung von Abw\u00e4ssern und chemischen Wc-Haspeln<\/li>\n<\/ul>\n<\/div><\/div><\/div>\n<\/div><\/div>\n<\/div><\/div><\/div>\n<\/div><\/div>\n\n\n\n<div class=\"wp-block-stackable-columns stk-block-columns stk-block stk-909e589\" data-block-id=\"909e589\"><div class=\"stk-row stk-inner-blocks stk-block-content stk-content-align stk-909e589-column\">\n<div class=\"wp-block-stackable-column stk-block-column stk-column stk-block stk-5f7152d\" data-v=\"4\" data-block-id=\"5f7152d\"><div class=\"stk-column-wrapper stk-block-column__content stk-container stk-5f7152d-container stk--no-background stk--no-padding\"><div class=\"stk-block-content stk-inner-blocks stk-5f7152d-inner-blocks\">\n<h2 class=\"wp-block-heading\" data-block-type=\"core\">In der Umgebung zu entdecken :<\/h2>\n\n\n\n<p data-block-type=\"core\"><\/p>\n\n\n\n<ul class=\"wp-block-list\" data-block-type=\"core\">\n<li data-block-type=\"core\"><strong>Granville, das \"Monaco des Nordens\"<\/strong> : seinen Hafen, seine Stadtmauern, das Christian-Dior-Museum und seine bunten G\u00e4rten.<\/li>\n\n\n\n<li data-block-type=\"core\"><strong><a href=\"https:\/\/www.tourisme-granville-terre-mer.com\/groupes\/visites-et-activites-a-la-carte\/decouvertes-insulaires\/se-rendre-a-chausey-avec-les-vedettes-jolie-france\/\" target=\"_blank\" rel=\"noreferrer noopener\">Die Chausey-Inseln<\/a><\/strong> : Machen Sie einen Ausflug zu einem abwechslungsreichen Tag auf dem Meer.<\/li>\n\n\n\n<li data-block-type=\"core\"><strong>Die Naturspazierg\u00e4nge<\/strong> : Wanderungen auf dem Z\u00f6llnerpfad (GR223), um die Klippen und wilden Str\u00e4nde zu entdecken.<\/li>\n\n\n\n<li data-block-type=\"core\"><strong>Kultur &amp; Kulturerbe<\/strong> : gef\u00fchrte Besichtigungen, Gourmetm\u00e4rkte und lokale Veranstaltungen f\u00fcr Gro\u00df und Klein.<\/li>\n<\/ul>\n<\/div><\/div><\/div>\n\n\n\n<div class=\"wp-block-stackable-column stk-block-column stk-column stk-block stk-03c49f4\" data-v=\"4\" data-block-id=\"03c49f4\"><div class=\"stk-column-wrapper stk-block-column__content stk-container stk-03c49f4-container stk--no-background stk--no-padding\"><div class=\"stk-block-content stk-inner-blocks stk-03c49f4-inner-blocks\">\n<div class=\"wp-block-stackable-image stk-block-image stk-block stk-049d144\" data-block-id=\"049d144\"><figure><span class=\"stk-img-wrapper stk-image--shape-stretch\"><img loading=\"lazy\" decoding=\"async\" class=\"stk-img wp-image-1351\" src=\"https:\/\/mirabel-ermitage.com\/wp-content\/uploads\/2025\/10\/vedette-iles-chausey.jpg\" width=\"600\" height=\"338\" alt=\"Besuch der Chausey-Inseln im Herbst\" srcset=\"https:\/\/mirabel-ermitage.com\/wp-content\/uploads\/2025\/10\/vedette-iles-chausey.jpg 600w, https:\/\/mirabel-ermitage.com\/wp-content\/uploads\/2025\/10\/vedette-iles-chausey-300x169.jpg 300w, https:\/\/mirabel-ermitage.com\/wp-content\/uploads\/2025\/10\/vedette-iles-chausey-18x10.jpg 18w, https:\/\/mirabel-ermitage.com\/wp-content\/uploads\/2025\/10\/vedette-iles-chausey-500x282.jpg 500w\" sizes=\"auto, (max-width: 600px) 100vw, 600px\" \/><\/span><\/figure><\/div>\n\n\n\n<div class=\"wp-block-stackable-text stk-block-text stk-block stk-412a5f2\" data-block-id=\"412a5f2\"><p class=\"stk-block-text__text\"><\/p><\/div>\n<\/div><\/div><\/div>\n<\/div><\/div>\n\n\n\n<div class=\"wp-block-stackable-columns alignwide stk-block-columns stk-block stk-fcbd998\" data-block-id=\"fcbd998\"><div class=\"stk-row stk-inner-blocks stk-block-content stk-content-align stk-fcbd998-column alignwide\">\n<div class=\"wp-block-stackable-column stk-block-column stk-column stk-block stk-df18d57\" data-v=\"4\" data-block-id=\"df18d57\"><style>.stk-df18d57-container{margin-top:0px !important;margin-right:0px !important;margin-bottom:0px !important;margin-left:0px !important;min-height:0px !important;max-width:1500px !important;min-width:auto !important;}.stk-df18d57 {border-top-left-radius:5px !important;border-top-right-radius:5px !important;border-bottom-right-radius:5px !important;border-bottom-left-radius:5px !important;overflow:hidden !important;border-style:solid !important;padding-top:10px !important;padding-right:70px !important;padding-bottom:10px !important;padding-left:70px !important;}@media screen and (min-width: 768px){.stk-df18d57 {flex:var(--stk-flex-grow, 1) 1 calc(100% - var(--stk-column-gap, 0px) * 0 \/ 1 ) !important;}}<\/style><div class=\"stk-column-wrapper stk-block-column__content stk-container stk-df18d57-container stk--no-background stk--no-padding\"><div class=\"stk-block-content stk-inner-blocks stk-df18d57-inner-blocks\">\n<h2 class=\"wp-block-heading\" data-block-type=\"core\">Animationen &amp; Veranstaltungen in Granville<\/h2>\n\n\n\n<ul class=\"wp-block-list\" data-block-type=\"core\">\n<li data-block-type=\"core\">Von <strong>F\u00fchrungen<\/strong> von Granville, dem Fischereihafen, Donville und rund um die Vanl\u00e9e werden w\u00e4hrend der Ferien angeboten. <\/li>\n\n\n\n<li data-block-type=\"core\">F\u00fcr Familien sind Animationen \"Piraten und Korsaren\" oder \"Polo, erz\u00e4hl mir vom Hafen\" f\u00fcr Kinder an den Mittwochen geplant. <\/li>\n\n\n\n<li data-block-type=\"core\">Die <strong>Festival La Ferme en Folie<\/strong> (Naturaktivit\u00e4ten, Workshops, Entdeckung der \u00f6rtlichen Bauernh\u00f6fe) ist ein Highlight, das Sie nicht verpassen sollten. <\/li>\n\n\n\n<li data-block-type=\"core\">Die <strong>Festival Second Geste<\/strong> bietet Auff\u00fchrungen mit einer Mischung aus Zirkus, Theater und Musik mitten in der Herbstsaison. <\/li>\n<\/ul>\n\n\n\n<p data-block-type=\"core\">Das ganze Programm hier : <a href=\"https:\/\/www.tourisme-granville-terre-mer.com\/sejourner\/idees-sejours\/que-faire-pendant-vacances-toussaint\/\" target=\"_blank\" rel=\"noreferrer noopener\">Destination Granville Terre et Mer<\/a><\/p>\n<\/div><\/div><\/div>\n<\/div><\/div>\n\n\n\n<div class=\"wp-block-group has-global-padding is-layout-constrained wp-block-group-is-layout-constrained\" data-block-type=\"core\"><\/div>\n\n\n\n<h2 class=\"wp-block-heading\" data-block-type=\"core\">Ein sanfter Herbst in La Manche<\/h2>\n\n\n\n<p data-block-type=\"core\">Genie\u00dfen Sie die jodhaltige Luft, die Sonnenunterg\u00e4nge \u00fcber der Bucht und die herzliche Atmosph\u00e4re der Normandie zu dieser Jahreszeit. Ob Sie nun auf der Suche nach Erholung, Spazierg\u00e4ngen in der Natur oder kulturellen Entdeckungen sind, Donville-les-Bains ist ein perfektes Reiseziel, um den Sommer zu verl\u00e4ngern und ein paar Tage dem Alltag zu entfliehen.<\/p>\n\n\n\n<p data-block-type=\"core\"><\/p>\n\n\n\n<p data-block-type=\"core\">\ud83d\udcc5 <strong>Buchen Sie jetzt Ihren Wohnmobilstellplatz f\u00fcr die Allerheiligenferien!<\/strong><\/p>","protected":false},"excerpt":{"rendered":"<p>Les vacances de la Toussaint approchent et c\u2019est l\u2019occasion id\u00e9ale pour une escapade en camping-car sur la c\u00f4te normande ! Le Camping L\u2019Ermitage \u00e0 Donville-les-Bains vous accueille dans un cadre paisible, \u00e0 deux pas de Granville et face aux \u00eeles Chausey. Accueil des camping-caristes en octobre Nos emplacements spacieux et pratiques sont parfaitement adapt\u00e9s aux [&hellip;]<\/p>\n","protected":false},"author":2,"featured_media":1375,"comment_status":"open","ping_status":"open","sticky":false,"template":"","format":"standard","meta":{"_acf_changed":false,"_seopress_robots_primary_cat":"9","_seopress_titles_title":"Vacances de la Toussaint au camping \u00e0 Granville","_seopress_titles_desc":"Passez la Toussaint en camping-car \u00e0 Granville ! Le Camping L\u2019Ermitage \u00e0 Donville-les-Bains vous accueille face \u00e0 la mer pour un automne iod\u00e9 en Normandie.","_seopress_robots_index":"","_vp_format_video_url":"","_vp_image_focal_point":[],"footnotes":""},"categories":[9],"tags":[],"class_list":["post-1343","post","type-post","status-publish","format-standard","has-post-thumbnail","hentry","category-articles"],"acf":[],"_links":{"self":[{"href":"https:\/\/mirabel-ermitage.com\/de\/wp-json\/wp\/v2\/posts\/1343","targetHints":{"allow":["GET"]}}],"collection":[{"href":"https:\/\/mirabel-ermitage.com\/de\/wp-json\/wp\/v2\/posts"}],"about":[{"href":"https:\/\/mirabel-ermitage.com\/de\/wp-json\/wp\/v2\/types\/post"}],"author":[{"embeddable":true,"href":"https:\/\/mirabel-ermitage.com\/de\/wp-json\/wp\/v2\/users\/2"}],"replies":[{"embeddable":true,"href":"https:\/\/mirabel-ermitage.com\/de\/wp-json\/wp\/v2\/comments?post=1343"}],"version-history":[{"count":20,"href":"https:\/\/mirabel-ermitage.com\/de\/wp-json\/wp\/v2\/posts\/1343\/revisions"}],"predecessor-version":[{"id":1560,"href":"https:\/\/mirabel-ermitage.com\/de\/wp-json\/wp\/v2\/posts\/1343\/revisions\/1560"}],"wp:featuredmedia":[{"embeddable":true,"href":"https:\/\/mirabel-ermitage.com\/de\/wp-json\/wp\/v2\/media\/1375"}],"wp:attachment":[{"href":"https:\/\/mirabel-ermitage.com\/de\/wp-json\/wp\/v2\/media?parent=1343"}],"wp:term":[{"taxonomy":"category","embeddable":true,"href":"https:\/\/mirabel-ermitage.com\/de\/wp-json\/wp\/v2\/categories?post=1343"},{"taxonomy":"post_tag","embeddable":true,"href":"https:\/\/mirabel-ermitage.com\/de\/wp-json\/wp\/v2\/tags?post=1343"}],"curies":[{"name":"wp","href":"https:\/\/api.w.org\/{rel}","templated":true}]}}