{"id":1547,"date":"2025-11-17T16:22:59","date_gmt":"2025-11-17T15:22:59","guid":{"rendered":"https:\/\/mirabel-ermitage.com\/?p=1547"},"modified":"2025-12-09T11:40:41","modified_gmt":"2025-12-09T10:40:41","slug":"werden-sie-eigentumer-auf-dem-camping-a-cote-de-granville","status":"publish","type":"post","link":"https:\/\/mirabel-ermitage.com\/de\/devenez-proprietaire-au-camping-a-cote-de-granville\/","title":{"rendered":"Werden Sie Eigent\u00fcmer auf dem Campingplatz in der N\u00e4he von Granville"},"content":{"rendered":"<p data-block-type=\"core\"><em>Ihr Zweitwohnsitz in der Normandie, im Herzen eines Familiencampingplatzes am Meer.<\/em><\/p>\n\n\n\n<p data-block-type=\"core\">Sie suchen einen <strong>mobilheim zum Verkauf in der N\u00e4he von Granville<\/strong> um die Normandie regelm\u00e4\u00dfig zu genie\u00dfen?<br>Die <strong>Campingplatz de l'Ermitage<\/strong>, in Donville-les-Bains bietet eine ideale L\u00f6sung f\u00fcr <strong><a href=\"https:\/\/mirabel-ermitage.com\/de\/zweitwohnsitz-granville\/\" data-type=\"page\" data-id=\"615\">Besitzer eines Mobilheims werden<\/a> am Meer<\/strong>, Die Wohnung liegt in einer ruhigen, gr\u00fcnen und freundlichen Umgebung.<br>Eine erschwingliche Alternative zum klassischen Zweitwohnsitz, mit allen modernen Annehmlichkeiten... und dem Meer in unmittelbarer N\u00e4he.<\/p>\n\n\n\n<hr class=\"wp-block-separator has-alpha-channel-opacity\">\n\n\n\n<div class=\"wp-block-stackable-columns stk-block-columns stk-block stk-a59e79a\" data-block-id=\"a59e79a\"><div class=\"stk-row stk-inner-blocks stk-block-content stk-content-align stk-a59e79a-column\">\n<div class=\"wp-block-stackable-column stk-block-column stk-column stk-block stk-89a96e4\" data-v=\"4\" data-block-id=\"89a96e4\"><div class=\"stk-column-wrapper stk-block-column__content stk-container stk-89a96e4-container stk--no-background stk--no-padding\"><div class=\"stk-block-content stk-inner-blocks stk-89a96e4-inner-blocks\">\n<h2 class=\"wp-block-heading\" data-block-type=\"core\">Warum sollten Sie ein Mobilheim in der Normandie auf dem Campingplatz Camping de l'Ermitage kaufen?<\/h2>\n\n\n\n<h3 class=\"wp-block-heading\" data-block-type=\"core\">\u2b50 Eine au\u00dfergew\u00f6hnliche Lage in der N\u00e4he von Granville<\/h3>\n\n\n\n<p data-block-type=\"core\">Wenn Sie sich f\u00fcr den Kauf eines Mobilheims im Departement Manche entscheiden, k\u00f6nnen Sie von einer Region voller Charme profitieren. Die Normandie besticht durch ihre Authentizit\u00e4t, die gro\u00dfen Gezeiten, die Meerespanoramen und die charmanten Badeorte.<br>Vom Campingplatz aus k\u00f6nnen Sie :<\/p>\n\n\n\n<ul class=\"wp-block-list\" data-block-type=\"core\">\n<li data-block-type=\"core\">Erreichen Sie den Strand in wenigen Minuten,<\/li>\n\n\n\n<li data-block-type=\"core\">Erkunden Sie Granville, seinen Hafen, seine Gassen und seine Villa Dior,<\/li>\n\n\n\n<li data-block-type=\"core\">Machen Sie einen Ausflug zum Archipel von Chausey oder zur Bucht von Mont-Saint-Michel,<\/li>\n\n\n\n<li data-block-type=\"core\">Schlendern Sie zwischen Klippen, M\u00e4rkten und lokaler Gastronomie.<\/li>\n<\/ul>\n\n\n\n<p data-block-type=\"core\">Ihr Mobilheim wird zu Ihrer idealen Basis, um die Region zu erkunden... in Ihrem eigenen Rhythmus.<\/p>\n<\/div><\/div><\/div>\n\n\n\n<div class=\"wp-block-stackable-column stk-block-column stk-column stk-block stk-8307d15\" data-v=\"4\" data-block-id=\"8307d15\"><div class=\"stk-column-wrapper stk-block-column__content stk-container stk-8307d15-container stk--no-background stk--no-padding\"><div class=\"stk-block-content stk-inner-blocks stk-8307d15-inner-blocks\">\n<div class=\"wp-block-stackable-image stk-block-image stk-block stk-9f23237\" data-block-id=\"9f23237\"><style>.stk-9f23237 .stk-img-wrapper{width:533px !important;}<\/style><figure><span class=\"stk-img-wrapper stk-image--shape-stretch\"><img loading=\"lazy\" decoding=\"async\" class=\"stk-img wp-image-479\" src=\"https:\/\/mirabel-ermitage.com\/wp-content\/uploads\/2025\/04\/granville-vue-mer.jpg\" width=\"533\" height=\"400\" alt=\"Luftaufnahme von Granville - Campingplatz l&#039;Ermitage\" srcset=\"https:\/\/mirabel-ermitage.com\/wp-content\/uploads\/2025\/04\/granville-vue-mer.jpg 533w, https:\/\/mirabel-ermitage.com\/wp-content\/uploads\/2025\/04\/granville-vue-mer-300x225.jpg 300w, https:\/\/mirabel-ermitage.com\/wp-content\/uploads\/2025\/04\/granville-vue-mer-16x12.jpg 16w, https:\/\/mirabel-ermitage.com\/wp-content\/uploads\/2025\/04\/granville-vue-mer-500x375.jpg 500w\" sizes=\"auto, (max-width: 533px) 100vw, 533px\" \/><\/span><\/figure><\/div>\n<\/div><\/div><\/div>\n<\/div><\/div>\n\n\n\n<hr class=\"wp-block-separator has-alpha-channel-opacity\">\n\n\n\n<div class=\"wp-block-stackable-columns stk-block-columns stk-block stk-86f56cc\" data-block-id=\"86f56cc\"><div class=\"stk-row stk-inner-blocks stk-block-content stk-content-align stk-86f56cc-column\">\n<div class=\"wp-block-stackable-column stk-block-column stk-column stk-block stk-382b939\" data-v=\"4\" data-block-id=\"382b939\"><div class=\"stk-column-wrapper stk-block-column__content stk-container stk-382b939-container stk--no-background stk--no-padding\"><div class=\"stk-block-content stk-inner-blocks stk-382b939-inner-blocks\">\n<div class=\"wp-block-stackable-image stk-block-image stk-block stk-4794071\" data-block-id=\"4794071\"><style>.stk-4794071 .stk-img-wrapper{width:533px !important;}<\/style><figure><span class=\"stk-img-wrapper stk-image--shape-stretch\"><img loading=\"lazy\" decoding=\"async\" class=\"stk-img wp-image-1226\" src=\"https:\/\/mirabel-ermitage.com\/wp-content\/uploads\/2025\/05\/animation-camping-ete.jpg\" width=\"600\" height=\"450\" alt=\"Luftaufnahme von Granville - Campingplatz l&#039;Ermitage\" srcset=\"https:\/\/mirabel-ermitage.com\/wp-content\/uploads\/2025\/05\/animation-camping-ete.jpg 600w, https:\/\/mirabel-ermitage.com\/wp-content\/uploads\/2025\/05\/animation-camping-ete-300x225.jpg 300w, https:\/\/mirabel-ermitage.com\/wp-content\/uploads\/2025\/05\/animation-camping-ete-16x12.jpg 16w, https:\/\/mirabel-ermitage.com\/wp-content\/uploads\/2025\/05\/animation-camping-ete-500x375.jpg 500w\" sizes=\"auto, (max-width: 600px) 100vw, 600px\" \/><\/span><\/figure><\/div>\n<\/div><\/div><\/div>\n\n\n\n<div class=\"wp-block-stackable-column stk-block-column stk-column stk-block stk-64b512a\" data-v=\"4\" data-block-id=\"64b512a\"><div class=\"stk-column-wrapper stk-block-column__content stk-container stk-64b512a-container stk--no-background stk--no-padding\"><div class=\"stk-block-content stk-inner-blocks stk-64b512a-inner-blocks\">\n<h3 class=\"wp-block-heading\" data-block-type=\"core\">\ud83c\udfd5\ufe0f Ein famili\u00e4rer, ruhiger und perfekt gepflegter Campingplatz<\/h3>\n\n\n\n<p data-block-type=\"core\">Der Camping de l'Ermitage wird wegen seiner freundlichen und angenehmen Atmosph\u00e4re gesch\u00e4tzt.<\/p>\n\n\n\n<ul class=\"wp-block-list\" data-block-type=\"core\">\n<li data-block-type=\"core\">Gesellige Atmosph\u00e4re<\/li>\n\n\n\n<li data-block-type=\"core\">Menschliche Gr\u00f6\u00dfe<\/li>\n\n\n\n<li data-block-type=\"core\">Gepflegte R\u00e4ume<\/li>\n\n\n\n<li data-block-type=\"core\">Praktische Dienstleistungen (W\u00e4scherei, WLAN, etc.)<\/li>\n\n\n\n<li data-block-type=\"core\">Familienfreundliche Aktivit\u00e4ten<\/li>\n\n\n\n<li data-block-type=\"core\">N\u00e4he zu Gesch\u00e4ften und zum Meer<\/li>\n<\/ul>\n\n\n\n<p data-block-type=\"core\">Ein echtes Gleichgewicht zwischen Ruhe und Funktionalit\u00e4t. Stellen Sie Ihre Koffer ab und genie\u00dfen Sie in vollen Z\u00fcgen eine <strong>Zweitwohnsitz in der Normandie<\/strong>.<\/p>\n<\/div><\/div><\/div>\n<\/div><\/div>\n\n\n\n<div class=\"wp-block-stackable-columns alignfull stk-block-columns stk-block stk-81a8207 stk-block-background\" data-block-id=\"81a8207\"><style>.stk-81a8207 {background-color:#0000000d !important;padding-top:24px !important;padding-right:24px !important;padding-bottom:24px !important;padding-left:24px !important;}.stk-81a8207:before{background-color:#0000000d !important;}<\/style><div class=\"stk-row stk-inner-blocks stk-block-content stk-content-align stk-81a8207-column alignwide\">\n<div class=\"wp-block-stackable-column stk-block-column stk-column stk-block stk-d9ee1fb\" data-v=\"4\" data-block-id=\"d9ee1fb\"><div class=\"stk-column-wrapper stk-block-column__content stk-container stk-d9ee1fb-container stk--no-background stk--no-padding\"><div class=\"stk-block-content stk-inner-blocks stk-d9ee1fb-inner-blocks\">\n<h2 class=\"wp-block-heading\" data-block-type=\"core\">Mobilheime zum Verkauf in Manche: Modelle, die auf Ihre Bed\u00fcrfnisse zugeschnitten sind<\/h2>\n\n\n\n<p data-block-type=\"core\">Der Campingplatz bietet verschiedene Arten von Mobilheimen an. Je nach Ihren W\u00fcnschen und Ihrem Budget stehen Ihnen mehrere Optionen zur Verf\u00fcgung:<\/p>\n\n\n\n<ul class=\"wp-block-list\" data-block-type=\"core\">\n<li data-block-type=\"core\"><a href=\"https:\/\/mirabel-ermitage.com\/de\/verkauf-mobilheime\/\" data-type=\"page\" data-id=\"609\">Neues Mobilheim<\/a> oder\u2019<a href=\"https:\/\/mirabel-ermitage.com\/de\/unsere-verkaufe-von-doccasions-mobilheimen\/\" data-type=\"page\" data-id=\"1679\">gebraucht<\/a>,<\/li>\n\n\n\n<li data-block-type=\"core\">Mobilheim mit 2 Schlafzimmern: ideal f\u00fcr Paare und kleine Familien,<\/li>\n\n\n\n<li data-block-type=\"core\">Mobilheim mit 3 Schlafzimmern: Hier k\u00f6nnen Sie Ihre Freunde unterbringen oder einen Aufenthalt mit der ganzen Sippe organisieren,<\/li>\n\n\n\n<li data-block-type=\"core\">\u00dcberdachte oder halboffene Terrassen,<\/li>\n\n\n\n<li data-block-type=\"core\">Optionen zur individuellen Gestaltung je nach Hersteller.<\/li>\n<\/ul>\n\n\n\n<p data-block-type=\"core\">Jedes Mobilheim bietet echten modernen Komfort: ausgestattete K\u00fcche, helles Badezimmer, optimierte R\u00e4ume, Stauraum, geselliges Wohnzimmer... <\/p>\n\n\n\n<div class=\"wp-block-stackable-text stk-block-text stk-block stk-ad64c67\" data-block-id=\"ad64c67\"><style>.stk-ad64c67 .stk-block-text__text{font-size:31px !important;color:var(--stk-global-color-72277, #ff665c) !important;font-weight:normal !important;font-family:\"Always In My Heart\", Sans-serif !important;}@media screen and (max-width: 1023px){.stk-ad64c67 .stk-block-text__text{font-size:31px !important;}}<\/style><p class=\"stk-block-text__text has-text-color\">Sie f\u00fchlen sich wie zu Hause!<\/p><\/div>\n<\/div><\/div><\/div>\n\n\n\n<div class=\"wp-block-stackable-column stk-block-column stk-column stk-block stk-cf7ef77\" data-v=\"4\" data-block-id=\"cf7ef77\"><div class=\"stk-column-wrapper stk-block-column__content stk-container stk-cf7ef77-container stk--no-background stk--no-padding\"><div class=\"stk-block-content stk-inner-blocks stk-cf7ef77-inner-blocks\">\n<div class=\"wp-block-stackable-image stk-block-image stk-block stk-4b3f971\" data-block-id=\"4b3f971\"><style>.stk-4b3f971 .stk-img-wrapper{width:533px !important;}<\/style><figure><span class=\"stk-img-wrapper stk-image--shape-stretch\"><img loading=\"lazy\" decoding=\"async\" class=\"stk-img wp-image-1552\" src=\"https:\/\/mirabel-ermitage.com\/wp-content\/uploads\/2025\/11\/vente-mobil-home-rapidhome-lodge77-1.jpg\" width=\"1200\" height=\"900\" alt=\"Luftaufnahme von Granville - Campingplatz l&#039;Ermitage\" srcset=\"https:\/\/mirabel-ermitage.com\/wp-content\/uploads\/2025\/11\/vente-mobil-home-rapidhome-lodge77-1.jpg 1200w, https:\/\/mirabel-ermitage.com\/wp-content\/uploads\/2025\/11\/vente-mobil-home-rapidhome-lodge77-1-300x225.jpg 300w, https:\/\/mirabel-ermitage.com\/wp-content\/uploads\/2025\/11\/vente-mobil-home-rapidhome-lodge77-1-1024x768.jpg 1024w, https:\/\/mirabel-ermitage.com\/wp-content\/uploads\/2025\/11\/vente-mobil-home-rapidhome-lodge77-1-768x576.jpg 768w, https:\/\/mirabel-ermitage.com\/wp-content\/uploads\/2025\/11\/vente-mobil-home-rapidhome-lodge77-1-16x12.jpg 16w, https:\/\/mirabel-ermitage.com\/wp-content\/uploads\/2025\/11\/vente-mobil-home-rapidhome-lodge77-1-500x375.jpg 500w, https:\/\/mirabel-ermitage.com\/wp-content\/uploads\/2025\/11\/vente-mobil-home-rapidhome-lodge77-1-800x600.jpg 800w\" sizes=\"auto, (max-width: 1200px) 100vw, 1200px\" \/><\/span><\/figure><\/div>\n<\/div><\/div><\/div>\n<\/div><\/div>\n\n\n\n<div class=\"wp-block-stackable-columns stk-block-columns stk-block stk-2dab007\" data-block-id=\"2dab007\"><div class=\"stk-row stk-inner-blocks stk-block-content stk-content-align stk-2dab007-column\">\n<div class=\"wp-block-stackable-column stk-block-column stk-column stk-block stk-b7dae93\" data-v=\"4\" data-block-id=\"b7dae93\"><div class=\"stk-column-wrapper stk-block-column__content stk-container stk-b7dae93-container stk--no-background stk--no-padding\"><div class=\"stk-block-content stk-inner-blocks stk-b7dae93-inner-blocks\">\n<div class=\"wp-block-stackable-image stk-block-image stk-block stk-644df0c\" data-block-id=\"644df0c\"><style>.stk-644df0c .stk-img-wrapper{width:533px !important;}<\/style><figure><span class=\"stk-img-wrapper stk-image--shape-stretch\"><img loading=\"lazy\" decoding=\"async\" class=\"stk-img wp-image-1553\" src=\"https:\/\/mirabel-ermitage.com\/wp-content\/uploads\/2025\/11\/annonce-mobil-home-neuf-granville.jpg\" width=\"564\" height=\"634\" alt=\"Luftaufnahme von Granville - Campingplatz l&#039;Ermitage\" srcset=\"https:\/\/mirabel-ermitage.com\/wp-content\/uploads\/2025\/11\/annonce-mobil-home-neuf-granville.jpg 564w, https:\/\/mirabel-ermitage.com\/wp-content\/uploads\/2025\/11\/annonce-mobil-home-neuf-granville-267x300.jpg 267w, https:\/\/mirabel-ermitage.com\/wp-content\/uploads\/2025\/11\/annonce-mobil-home-neuf-granville-11x12.jpg 11w, https:\/\/mirabel-ermitage.com\/wp-content\/uploads\/2025\/11\/annonce-mobil-home-neuf-granville-500x562.jpg 500w\" sizes=\"auto, (max-width: 564px) 100vw, 564px\" \/><\/span><\/figure><\/div>\n<\/div><\/div><\/div>\n\n\n\n<div class=\"wp-block-stackable-column stk-block-column stk-column stk-block stk-7f2f1e2\" data-v=\"4\" data-block-id=\"7f2f1e2\"><div class=\"stk-column-wrapper stk-block-column__content stk-container stk-7f2f1e2-container stk--no-background stk--no-padding\"><div class=\"stk-block-content stk-inner-blocks stk-7f2f1e2-inner-blocks\">\n<h2 class=\"wp-block-heading\" data-block-type=\"core\">Preise f\u00fcr ein Mobilheim in der Normandie: Wie funktioniert das?<\/h2>\n\n\n\n<p data-block-type=\"core\">Die Kosten f\u00fcr ein Mobilheim auf dem Camping de l'Ermitage h\u00e4ngen von :<\/p>\n\n\n\n<ul class=\"wp-block-list\" data-block-type=\"core\">\n<li data-block-type=\"core\">des gew\u00e4hlten Modells (neu oder gebraucht),<\/li>\n\n\n\n<li data-block-type=\"core\">der Oberfl\u00e4che,<\/li>\n\n\n\n<li data-block-type=\"core\">der Ausr\u00fcstung,<\/li>\n\n\n\n<li data-block-type=\"core\">m\u00f6gliche Optionen,<\/li>\n\n\n\n<li data-block-type=\"core\">der Parzelle.<\/li>\n<\/ul>\n\n\n\n<p data-block-type=\"core\"><strong>Wir bieten regelm\u00e4\u00dfig neue und gebrauchte Mobilheime zu attraktiven Preisen an.<\/strong>.<br>Die Einstiegspreise sind oft viel niedriger als bei einem festen Zweitwohnsitz mit \u00e4hnlicher Freiheit und \u00e4hnlichem Komfort.<\/p>\n\n\n\n<p data-block-type=\"core\">\ud83d\udc49 <em>Kontaktieren Sie uns, um unsere derzeit verf\u00fcgbaren Modelle und Preise zu erfahren.<\/em><\/p>\n\n\n\n<div class=\"wp-block-stackable-button-group stk-block-button-group stk-block stk-5650598\" data-block-id=\"5650598\"><div class=\"stk-row stk-inner-blocks has-text-align-center stk-block-content stk-button-group\">\n<div class=\"wp-block-stackable-button stk-block-button stk-block stk-ff09610\" data-block-id=\"ff09610\"><style>.stk-ff09610 {border-top-left-radius:50px !important;border-top-right-radius:50px !important;border-bottom-right-radius:50px !important;border-bottom-left-radius:50px !important;overflow:hidden !important;}.stk-ff09610 .stk-button{padding-top:12px !important;padding-right:21px !important;padding-bottom:12px !important;padding-left:21px !important;background:var(--stk-global-color-72277, #ff665c) !important;}.stk-ff09610 .stk-button__inner-text{font-weight:500 !important;font-family:\"Open Sans\", Sans-serif !important;}<\/style><a class=\"stk-link stk-button stk--hover-effect-darken\" href=\"https:\/\/mirabel-ermitage.com\/de\/verkauf-mobilheime\/\"><span class=\"stk-button__inner-text\"><strong>Die Kleinanzeigen<\/strong><\/span><\/a><\/div>\n\n\n\n<div class=\"wp-block-stackable-button stk-block-button stk-block stk-3cf8065\" data-block-id=\"3cf8065\"><style>.stk-3cf8065 {border-top-left-radius:50px !important;border-top-right-radius:50px !important;border-bottom-right-radius:50px !important;border-bottom-left-radius:50px !important;overflow:hidden !important;}.stk-3cf8065 .stk-button{padding-top:12px !important;padding-right:21px !important;padding-bottom:12px !important;padding-left:21px !important;background:var(--stk-global-color-72277, #ff665c) !important;}.stk-3cf8065 .stk-button__inner-text{font-weight:500 !important;font-family:\"Open Sans\", Sans-serif !important;}<\/style><a class=\"stk-link stk-button stk--hover-effect-darken\" href=\"mailto:commercial@mirabel-campings.com\"><span class=\"stk-button__inner-text\"><strong>commercial@mirabel-campings.com<\/strong><\/span><\/a><\/div>\n<\/div><\/div>\n<\/div><\/div><\/div>\n<\/div><\/div>\n\n\n\n<h2 class=\"wp-block-heading\" data-block-type=\"core\"><\/h2>\n\n\n\n<div class=\"wp-block-stackable-columns stk-block-columns stk-block stk-9b74de5\" data-block-id=\"9b74de5\"><div class=\"stk-row stk-inner-blocks stk-block-content stk-content-align stk-9b74de5-column\">\n<div class=\"wp-block-stackable-column stk-block-column stk-column stk-block stk-3e2ad01\" data-v=\"4\" data-block-id=\"3e2ad01\"><div class=\"stk-column-wrapper stk-block-column__content stk-container stk-3e2ad01-container stk--no-background stk--no-padding\"><div class=\"stk-block-content stk-inner-blocks stk-3e2ad01-inner-blocks\">\n<h2 class=\"wp-block-heading\" data-block-type=\"core\">Wie wird man Eigent\u00fcmer eines Mobilheims auf dem Campingplatz?<\/h2>\n\n\n\n<p data-block-type=\"core\">Der Kauf eines Mobilheims auf einem Campingplatz ist einfach, folgt aber einer bestimmten Funktionsweise:<\/p>\n\n\n\n<p data-block-type=\"core\"><strong>1. Sie sind der Besitzer des Mobilheims<\/strong><\/p>\n\n\n\n<p data-block-type=\"core\">Sie kaufen Ihren Wohnsitz, neu oder gebraucht.<\/p>\n\n\n\n<p data-block-type=\"core\"><strong>2. Sie pachten die Parzelle<\/strong><\/p>\n\n\n\n<p data-block-type=\"core\">Der Stellplatz bleibt Eigentum des Campingplatzes.<br>Gegen eine j\u00e4hrliche Geb\u00fchr k\u00f6nnen Sie dort Ihr Mobilheim aufstellen und die Dienstleistungen der Anlage in Anspruch nehmen. Sie verpflichten sich, den <a href=\"https:\/\/mirabel-ermitage.com\/wp-content\/uploads\/2025\/04\/Reglement-interieur_2025_ERMITAGE.pdf\" data-type=\"attachment\" data-id=\"726\">Hausordnung<\/a> des Campingplatzes.<\/p>\n\n\n\n<p data-block-type=\"core\"><strong>3. Beherrschte Kosten<\/strong><\/p>\n\n\n\n<p data-block-type=\"core\">Jedes Jahr zu planen :<\/p>\n\n\n\n<ul class=\"wp-block-list\" data-block-type=\"core\">\n<li data-block-type=\"core\">Stellplatzgeb\u00fchr,<\/li>\n\n\n\n<li data-block-type=\"core\">Stromverbrauch,<\/li>\n\n\n\n<li data-block-type=\"core\">Versicherung,<\/li>\n\n\n\n<li data-block-type=\"core\">laufende Wartung.<\/li>\n<\/ul>\n<\/div><\/div><\/div>\n\n\n\n<div class=\"wp-block-stackable-column stk-block-column stk-column stk-block stk-d08c8b7\" data-v=\"4\" data-block-id=\"d08c8b7\"><style>.stk-d08c8b7-container{margin-top:50px !important;margin-right:50px !important;margin-bottom:50px !important;margin-left:50px !important;}.stk-d08c8b7 {border-top-left-radius:5px !important;border-top-right-radius:5px !important;border-bottom-right-radius:5px !important;border-bottom-left-radius:5px !important;overflow:hidden !important;border-style:solid !important;border-color:var(--stk-global-color-30464, #266674) !important;}<\/style><div class=\"stk-column-wrapper stk-block-column__content stk-container stk-d08c8b7-container stk--no-background stk--no-padding\"><div class=\"stk-block-content stk-inner-blocks stk-d08c8b7-inner-blocks\">\n<div class=\"wp-block-stackable-image stk-block-image stk-block stk-4cfde4f\" data-block-id=\"4cfde4f\"><style>.stk-4cfde4f .stk-img-wrapper{width:17% !important;}<\/style><figure><span class=\"stk-img-wrapper stk-image--shape-stretch\"><img loading=\"lazy\" decoding=\"async\" class=\"stk-img wp-image-1265\" src=\"https:\/\/mirabel-ermitage.com\/wp-content\/uploads\/2025\/06\/etoile-150x150-1.png\" width=\"150\" height=\"150\" alt=\"mobilheime zum verkauf campingplatz normandie\" srcset=\"https:\/\/mirabel-ermitage.com\/wp-content\/uploads\/2025\/06\/etoile-150x150-1.png 150w, https:\/\/mirabel-ermitage.com\/wp-content\/uploads\/2025\/06\/etoile-150x150-1-12x12.png 12w\" sizes=\"auto, (max-width: 150px) 100vw, 150px\" \/><\/span><\/figure><\/div>\n\n\n\n<h2 class=\"wp-block-heading\" data-block-type=\"core\">Kauf eines Mobilheims: Welche Vorteile hat es?<\/h2>\n\n\n\n<ul class=\"wp-block-list\" data-block-type=\"core\">\n<li data-block-type=\"core\">Freiheit, zu kommen, wann Sie wollen<\/li>\n\n\n\n<li data-block-type=\"core\">Viel erschwinglichere Kosten als ein fester Zweitwohnsitz<\/li>\n\n\n\n<li data-block-type=\"core\">Erholsame nat\u00fcrliche Umgebung<\/li>\n\n\n\n<li data-block-type=\"core\">Angenehme, pflegeleichte Investition<\/li>\n\n\n\n<li data-block-type=\"core\">Unmittelbare N\u00e4he zum Meer und zu Granville<\/li>\n\n\n\n<li data-block-type=\"core\">Geselliges Campingleben, perfekt f\u00fcr Familien<\/li>\n<\/ul>\n\n\n\n<p data-block-type=\"core\">Sie kommen, wann Sie wollen, je nach den \u00d6ffnungszeiten des Campingplatzes, also vom 1.<sup>er<\/sup> April bis 31. Oktober.<\/p>\n\n\n\n<p data-block-type=\"core\">Dies ist eine ideale Wahl, um die Normandie regelm\u00e4\u00dfig und ohne Einschr\u00e4nkungen zu genie\u00dfen.<\/p>\n<\/div><\/div><\/div>\n<\/div><\/div>\n\n\n\n<h2 class=\"wp-block-heading\" data-block-type=\"core\"><\/h2>\n\n\n\n<hr class=\"wp-block-separator has-alpha-channel-opacity\">\n\n\n\n<h2 class=\"wp-block-heading\" data-block-type=\"core\">FAQ - Ihre Fragen zum Kauf eines Mobilheims in der Normandie<\/h2>\n\n\n\n<p data-block-type=\"core\"><strong>Wie hoch ist der Preis f\u00fcr ein Mobilheim, das in Manche zum Verkauf steht?<\/strong><\/p>\n\n\n\n<p data-block-type=\"core\">Dies h\u00e4ngt vom Modell, der Ausstattung und der Parzelle ab. Fragen Sie uns nach der Verf\u00fcgbarkeit, um die genauen Preise zu erfahren. -&gt; <strong><a href=\"https:\/\/mirabel-ermitage.com\/de\/verkauf-mobilheime\/\" data-type=\"page\" data-id=\"609\">Anzeigen konsultieren<\/a>&nbsp;<\/strong><\/p>\n\n\n\n<p data-block-type=\"core\"><strong>Kann man das ganze Jahr \u00fcber in einem Mobilheim auf dem Campingplatz leben?<\/strong><\/p>\n\n\n\n<p data-block-type=\"core\">Nein, Campingpl\u00e4tze sind nicht f\u00fcr den Hauptwohnsitz zugelassen. Es ist ein Wohnsitz <strong>sekund\u00e4r<\/strong>, Die Sch\u00fclerinnen und Sch\u00fcler haben die M\u00f6glichkeit, sich in einer offenen Sitzung \u00fcber die Betriebssaison zu informieren.<\/p>\n\n\n\n<p data-block-type=\"core\"><strong>Wie hoch sind die j\u00e4hrlichen Kosten?<\/strong><\/p>\n\n\n\n<p data-block-type=\"core\">Die Geb\u00fchr f\u00fcr den Stellplatz, den Verbrauch, die Versicherung und die laufende Instandhaltung. F\u00fcr eine vollst\u00e4ndige Sch\u00e4tzung kontaktieren Sie uns bitte unter <strong><a href=\"tel:0233500901\">02 33 50 09 01<\/a><\/strong>.<\/p>\n\n\n\n<p data-block-type=\"core\"><strong>Kann ich mein Mobilheim vermieten, wenn ich es nicht bewohne?<\/strong><\/p>\n\n\n\n<p data-block-type=\"core\">Nein, die Campingplatzordnung erlaubt dies nicht. Sie k\u00f6nnen mit Ihrer Familie kommen und Ihre Freunde einladen, aber Untermiete ist auf dem Campingplatz L'Ermitage nicht erlaubt.<\/p>\n\n\n\n<p data-block-type=\"core\"><strong>Wie lange ist die Lebensdauer eines Mobilheims?<\/strong><\/p>\n\n\n\n<p data-block-type=\"core\">Zwischen 15 und 20 Jahren, bei guter Pflege sogar l\u00e4nger. Auf den Mirabel-Campingpl\u00e4tzen kann Ihr Mobilheim bei guter Pflege 20 Jahre auf der Parzelle stehen bleiben. Danach k\u00f6nnen Sie es au\u00dferhalb des Campingplatzes weiterverkaufen.<\/p>\n\n\n\n<hr class=\"wp-block-separator has-alpha-channel-opacity\">\n\n\n\n<h2 class=\"wp-block-heading\" data-block-type=\"core\">Sind Sie bereit, unsere Mobilheime zum Verkauf in der N\u00e4he von Granville zu entdecken?<\/h2>\n\n\n\n<p data-block-type=\"core\">Kontaktieren Sie unser Team, um zu erhalten :<\/p>\n\n\n\n<ul class=\"wp-block-list\" data-block-type=\"core\">\n<li data-block-type=\"core\">die Liste der zum Verkauf stehenden Mobilheime,<\/li>\n\n\n\n<li data-block-type=\"core\">Pl\u00e4ne, Modelle und Optionen,<\/li>\n\n\n\n<li data-block-type=\"core\">die aktualisierten Preise und die Parzellengeb\u00fchren,<\/li>\n\n\n\n<li data-block-type=\"core\">einen Termin, um den Campingplatz und die Stellpl\u00e4tze zu besichtigen.<\/li>\n<\/ul>\n\n\n\n<p data-block-type=\"core\">Ihre <strong>Zweitwohnsitz in der Normandie<\/strong> war noch nie so nah.<\/p>\n\n\n\n<div class=\"wp-block-stackable-text stk-block-text stk-block stk-f8a5817\" data-block-id=\"f8a5817\"><style>.stk-f8a5817 .stk-block-text__text{font-size:34px !important;color:var(--stk-global-color-72277, #ff665c) !important;font-family:\"Always In My Heart\", Sans-serif !important;}@media screen and (max-width: 1023px){.stk-f8a5817 .stk-block-text__text{font-size:34px !important;}}<\/style><p class=\"stk-block-text__text has-text-color\"><br>Willkommen auf dem Camping de l'Ermitage!<\/p><\/div>","protected":false},"excerpt":{"rendered":"<p>Votre r\u00e9sidence secondaire en Normandie, au c\u0153ur d\u2019un camping familial en bord de mer. Vous cherchez un mobil-home \u00e0 vendre pr\u00e8s de Granville pour profiter r\u00e9guli\u00e8rement de la Normandie ?Le Camping de l\u2019Ermitage, situ\u00e9 \u00e0 Donville-les-Bains, propose une solution id\u00e9ale pour devenir propri\u00e9taire d\u2019un mobil-home en bord de mer, dans un environnement calme, verdoyant et [&hellip;]<\/p>\n","protected":false},"author":2,"featured_media":1550,"comment_status":"open","ping_status":"open","sticky":false,"template":"","format":"standard","meta":{"_acf_changed":false,"_seopress_robots_primary_cat":"none","_seopress_titles_title":"","_seopress_titles_desc":"","_seopress_robots_index":"","_vp_format_video_url":"","_vp_image_focal_point":[],"footnotes":""},"categories":[9],"tags":[],"class_list":["post-1547","post","type-post","status-publish","format-standard","has-post-thumbnail","hentry","category-articles"],"acf":[],"_links":{"self":[{"href":"https:\/\/mirabel-ermitage.com\/de\/wp-json\/wp\/v2\/posts\/1547","targetHints":{"allow":["GET"]}}],"collection":[{"href":"https:\/\/mirabel-ermitage.com\/de\/wp-json\/wp\/v2\/posts"}],"about":[{"href":"https:\/\/mirabel-ermitage.com\/de\/wp-json\/wp\/v2\/types\/post"}],"author":[{"embeddable":true,"href":"https:\/\/mirabel-ermitage.com\/de\/wp-json\/wp\/v2\/users\/2"}],"replies":[{"embeddable":true,"href":"https:\/\/mirabel-ermitage.com\/de\/wp-json\/wp\/v2\/comments?post=1547"}],"version-history":[{"count":17,"href":"https:\/\/mirabel-ermitage.com\/de\/wp-json\/wp\/v2\/posts\/1547\/revisions"}],"predecessor-version":[{"id":1767,"href":"https:\/\/mirabel-ermitage.com\/de\/wp-json\/wp\/v2\/posts\/1547\/revisions\/1767"}],"wp:featuredmedia":[{"embeddable":true,"href":"https:\/\/mirabel-ermitage.com\/de\/wp-json\/wp\/v2\/media\/1550"}],"wp:attachment":[{"href":"https:\/\/mirabel-ermitage.com\/de\/wp-json\/wp\/v2\/media?parent=1547"}],"wp:term":[{"taxonomy":"category","embeddable":true,"href":"https:\/\/mirabel-ermitage.com\/de\/wp-json\/wp\/v2\/categories?post=1547"},{"taxonomy":"post_tag","embeddable":true,"href":"https:\/\/mirabel-ermitage.com\/de\/wp-json\/wp\/v2\/tags?post=1547"}],"curies":[{"name":"wp","href":"https:\/\/api.w.org\/{rel}","templated":true}]}}