{"id":1929,"date":"2026-03-15T15:30:00","date_gmt":"2026-03-15T14:30:00","guid":{"rendered":"https:\/\/mirabel-ermitage.com\/?p=1929"},"modified":"2026-03-26T17:17:29","modified_gmt":"2026-03-26T16:17:29","slug":"vermietung-mobilheim-im-manche-in-der-nahe-von-granville","status":"publish","type":"post","link":"https:\/\/mirabel-ermitage.com\/de\/location-mobil-home-dans-la-manche-pres-de-granville\/","title":{"rendered":"Mobilheimvermietung im \u00c4rmelkanal in der N\u00e4he von Granville"},"content":{"rendered":"<p class=\"has-text-align-center\" data-block-type=\"core\">Sie suchen nach einem<strong> Mobilheim in der Manche<\/strong>&nbsp;f\u00fcr Ihren n\u00e4chsten Urlaub mit der Familie oder mit Freunden? <br>Der Camping de l'Ermitage empf\u00e4ngt Sie in der N\u00e4he von Granville in einer freundlichen und gr\u00fcnen Umgebung, <br>ideal, um die K\u00fcste der Normandie zu genie\u00dfen und gleichzeitig den Komfort einer voll ausgestatteten Unterkunft zu haben.<\/p>\n\n\n\n<div class=\"wp-block-stackable-spacer stk-block-spacer stk--no-padding stk-block stk-79703b2\" data-block-id=\"79703b2\"><style>.stk-79703b2 {height:25px !important;}<\/style><\/div>\n\n\n\n<div class=\"wp-block-stackable-columns stk-block-columns stk-block stk-5a816c2\" data-block-id=\"5a816c2\"><div class=\"stk-row stk-inner-blocks stk-block-content stk-content-align stk-5a816c2-column\">\n<div class=\"wp-block-stackable-column stk-block-column stk-column stk-block stk-d5a147f\" data-v=\"4\" data-block-id=\"d5a147f\"><div class=\"stk-column-wrapper stk-block-column__content stk-container stk-d5a147f-container stk--no-background stk--no-padding\"><div class=\"stk-block-content stk-inner-blocks stk-d5a147f-inner-blocks\">\n<div class=\"wp-block-stackable-image stk-block-image stk-block stk-e3961ed\" data-block-id=\"e3961ed\"><figure><span class=\"stk-img-wrapper stk-image--shape-stretch\"><img loading=\"lazy\" decoding=\"async\" class=\"stk-img wp-image-1405\" src=\"https:\/\/mirabel-ermitage.com\/wp-content\/uploads\/2025\/10\/Rapidhome-LO83-SALON.jpg\" width=\"800\" height=\"553\" alt=\"offene K\u00fcche zum Wohnzimmer des 3-Zimmer-Mobilheims zur Miete auf dem Campingplatz Granville - Manche\" srcset=\"https:\/\/mirabel-ermitage.com\/wp-content\/uploads\/2025\/10\/Rapidhome-LO83-SALON.jpg 800w, https:\/\/mirabel-ermitage.com\/wp-content\/uploads\/2025\/10\/Rapidhome-LO83-SALON-300x207.jpg 300w, https:\/\/mirabel-ermitage.com\/wp-content\/uploads\/2025\/10\/Rapidhome-LO83-SALON-768x531.jpg 768w, https:\/\/mirabel-ermitage.com\/wp-content\/uploads\/2025\/10\/Rapidhome-LO83-SALON-18x12.jpg 18w, https:\/\/mirabel-ermitage.com\/wp-content\/uploads\/2025\/10\/Rapidhome-LO83-SALON-500x346.jpg 500w\" sizes=\"auto, (max-width: 800px) 100vw, 800px\" \/><\/span><\/figure><\/div>\n<\/div><\/div><\/div>\n\n\n\n<div class=\"wp-block-stackable-column stk-block-column stk-column stk-block stk-0d46ed8\" data-v=\"4\" data-block-id=\"0d46ed8\"><div class=\"stk-column-wrapper stk-block-column__content stk-container stk-0d46ed8-container stk--no-background stk--no-padding\"><div class=\"stk-block-content stk-inner-blocks stk-0d46ed8-inner-blocks\">\n<h2 class=\"wp-block-heading\" data-block-type=\"core\">Komfortable und familienfreundliche Mobilheimvermietung im \u00c4rmelkanal<\/h2>\n\n\n\n<p data-block-type=\"core\">Wenn Sie sich f\u00fcr ein Mobilheim entscheiden, genie\u00dfen Sie Ihren Urlaub in v\u00f6lliger Freiheit und mit dem Komfort eines echten kleinen Kokons. Es ist auch die M\u00f6glichkeit, auf dem Campingplatz zu sein, selbst in der Nebensaison, wenn die Temperaturen etwas zu niedrig sind, um im Zelt zu campen!<\/p>\n\n\n\n<p data-block-type=\"core\">Auf dem Camping de l'Ermitage bieten wir Ihnen verschiedene Modelle an, um den Bed\u00fcrfnissen aller gerecht zu werden:<\/p>\n\n\n\n<ul class=\"wp-block-list\" data-block-type=\"core\">\n<li data-block-type=\"core\">Mobilheime <a href=\"https:\/\/mirabel-ermitage.com\/de\/unterkunft\/mobilheim-1-zimmer-in-der-nahe-von-granville\/\"><strong>1 Zimmer<\/strong><\/a> und  <a href=\"https:\/\/mirabel-ermitage.com\/de\/unterkunft\/mobilheim-2-schlafzimmer\/\"><strong>2 Zimmer<\/strong><\/a> f\u00fcr Paare oder kleine Familien<\/li>\n\n\n\n<li data-block-type=\"core\"><a href=\"https:\/\/mirabel-ermitage.com\/de\/unterkunft\/mobilheim-3-schlafzimmer\/\">Mobilheime <strong>3 Zimmer<\/strong><\/a> perfekt f\u00fcr gro\u00dfe Familien<\/li>\n\n\n\n<li data-block-type=\"core\">helle und funktionale Lebensr\u00e4ume<\/li>\n\n\n\n<li data-block-type=\"core\">Terrassen, um Ihre Mahlzeiten im Freien zu teilen<\/li>\n<\/ul>\n\n\n\n<p data-block-type=\"core\">Jede Unterkunft ist darauf ausgerichtet, Ihnen einen einfachen, angenehmen und geselligen Aufenthalt zu bieten, nur wenige Minuten von den Str\u00e4nden von Granville entfernt.<\/p>\n<\/div><\/div><\/div>\n<\/div><\/div>\n\n\n\n<div class=\"wp-block-stackable-columns stk-block-columns stk-block stk-a6261b9\" data-block-id=\"a6261b9\"><div class=\"stk-row stk-inner-blocks stk-block-content stk-content-align stk-a6261b9-column\">\n<div class=\"wp-block-stackable-column stk-block-column stk-column stk-block stk-306aa81\" data-v=\"4\" data-block-id=\"306aa81\"><div class=\"stk-column-wrapper stk-block-column__content stk-container stk-306aa81-container stk--no-background stk--no-padding\"><div class=\"stk-block-content stk-inner-blocks stk-306aa81-inner-blocks\">\n<h2 class=\"wp-block-heading\" data-block-type=\"core\">Ein Familiencampingplatz in der N\u00e4he von Granville<\/h2>\n\n\n\n<p data-block-type=\"core\">In einer Umgebung gelegen <strong>ruhig und mit B\u00e4umen bewachsen<\/strong>, Der Campingplatz de l'Ermitage ist wegen seiner famili\u00e4ren Atmosph\u00e4re besonders beliebt. Hier reimt sich der Urlaub auf Entspannung, Austausch und Momente an der frischen Luft.<\/p>\n\n\n\n<p data-block-type=\"core\">Ein Aufenthalt in einem Mobilheim im \u00c4rmelkanal auf dem Camping de l'Ermitage bedeutet auch, zu genie\u00dfen :<\/p>\n\n\n\n<ul class=\"wp-block-list\" data-block-type=\"core\">\n<li data-block-type=\"core\">der unmittelbaren N\u00e4he von Granville<\/li>\n\n\n\n<li data-block-type=\"core\">der Str\u00e4nde der normannischen K\u00fcste<\/li>\n\n\n\n<li data-block-type=\"core\">Naturwanderungen zu Fu\u00df oder mit dem Fahrrad<\/li>\n\n\n\n<li data-block-type=\"core\">eines idealen Ausgangspunkts, um den \u00c4rmelkanal zu erkunden<\/li>\n<\/ul>\n\n\n\n<p data-block-type=\"core\">Der Campingplatz ist ein perfekter Ausgangspunkt, um tags\u00fcber die Gegend zu erkunden und sich auf dem R\u00fcckweg auszuruhen.<\/p>\n<\/div><\/div><\/div>\n\n\n\n<div class=\"wp-block-stackable-column stk-block-column stk-column stk-block stk-7eb1871\" data-v=\"4\" data-block-id=\"7eb1871\"><div class=\"stk-column-wrapper stk-block-column__content stk-container stk-7eb1871-container stk--no-background stk--no-padding\"><div class=\"stk-block-content stk-inner-blocks stk-7eb1871-inner-blocks\">\n<div class=\"wp-block-stackable-image stk-block-image stk-block stk-c692e80\" data-block-id=\"c692e80\"><figure><span class=\"stk-img-wrapper stk-image--shape-stretch\"><img loading=\"lazy\" decoding=\"async\" class=\"stk-img wp-image-1932\" src=\"https:\/\/mirabel-ermitage.com\/wp-content\/uploads\/2026\/03\/camping-granville-manche.jpg\" width=\"1000\" height=\"750\" alt=\"camping in der n\u00e4he von granville\" srcset=\"https:\/\/mirabel-ermitage.com\/wp-content\/uploads\/2026\/03\/camping-granville-manche.jpg 1000w, https:\/\/mirabel-ermitage.com\/wp-content\/uploads\/2026\/03\/camping-granville-manche-300x225.jpg 300w, https:\/\/mirabel-ermitage.com\/wp-content\/uploads\/2026\/03\/camping-granville-manche-768x576.jpg 768w, https:\/\/mirabel-ermitage.com\/wp-content\/uploads\/2026\/03\/camping-granville-manche-16x12.jpg 16w, https:\/\/mirabel-ermitage.com\/wp-content\/uploads\/2026\/03\/camping-granville-manche-500x375.jpg 500w, https:\/\/mirabel-ermitage.com\/wp-content\/uploads\/2026\/03\/camping-granville-manche-800x600.jpg 800w\" sizes=\"auto, (max-width: 1000px) 100vw, 1000px\" \/><\/span><\/figure><\/div>\n<\/div><\/div><\/div>\n<\/div><\/div>\n\n\n\n<div class=\"wp-block-stackable-columns stk-block-columns stk-block stk-e4ed25a\" data-block-id=\"e4ed25a\"><div class=\"stk-row stk-inner-blocks stk-block-content stk-content-align stk-e4ed25a-column\">\n<div class=\"wp-block-stackable-column stk-block-column stk-column stk-block stk-4e3e573\" data-v=\"4\" data-block-id=\"4e3e573\"><div class=\"stk-column-wrapper stk-block-column__content stk-container stk-4e3e573-container stk--no-background stk--no-padding\"><div class=\"stk-block-content stk-inner-blocks stk-4e3e573-inner-blocks\"><\/div><\/div><\/div>\n<\/div><\/div>\n\n\n\n<div class=\"wp-block-stackable-columns stk-block-columns stk-block stk-aa86cad\" data-block-id=\"aa86cad\"><style>.stk-aa86cad .stk--block-align-aa86cad{align-items:center !important;}.stk-aa86cad {border-top-left-radius:5px !important;border-top-right-radius:5px !important;border-bottom-right-radius:5px !important;border-bottom-left-radius:5px !important;overflow:hidden !important;border-style:solid !important;border-color:var(--stk-global-color-30464, #266674) !important;border-top-width:1px !important;border-right-width:1px !important;border-bottom-width:1px !important;border-left-width:1px !important;padding-top:25px !important;padding-right:25px !important;padding-bottom:25px !important;padding-left:25px !important;}<\/style><div class=\"stk-row stk-inner-blocks stk--block-align-aa86cad stk-block-content stk-content-align stk-aa86cad-column\">\n<div class=\"wp-block-stackable-column stk-block-column stk-column stk-block stk-e3ff6d0\" data-v=\"4\" data-block-id=\"e3ff6d0\"><div class=\"stk-column-wrapper stk-block-column__content stk-container stk-e3ff6d0-container stk--no-background stk--no-padding\"><div class=\"stk-block-content stk-inner-blocks stk-e3ff6d0-inner-blocks\">\n<h2 class=\"wp-block-heading has-text-align-center has-1-font-size\" data-block-type=\"core\">NEU: 7 Mobilheime zur saisonalen Vermietung im Jahr 2026<\/h2>\n\n\n\n<div class=\"wp-block-group is-nowrap is-layout-flex wp-container-core-group-is-layout-6c531013 wp-block-group-is-layout-flex\" data-block-type=\"core\">\n<div class=\"wp-block-stackable-image stk-block-image stk-block stk-f0a9fd4\" data-block-id=\"f0a9fd4\"><style>.stk-f0a9fd4 .stk-img-wrapper{width:100px !important;}<\/style><figure><span class=\"stk-img-wrapper stk-image--shape-stretch\"><img loading=\"lazy\" decoding=\"async\" class=\"stk-img wp-image-496\" src=\"https:\/\/mirabel-ermitage.com\/wp-content\/uploads\/2025\/04\/Etoile2-1.png\" width=\"320\" height=\"326\" alt=\"etoile camping normandie\" srcset=\"https:\/\/mirabel-ermitage.com\/wp-content\/uploads\/2025\/04\/Etoile2-1.png 320w, https:\/\/mirabel-ermitage.com\/wp-content\/uploads\/2025\/04\/Etoile2-1-294x300.png 294w, https:\/\/mirabel-ermitage.com\/wp-content\/uploads\/2025\/04\/Etoile2-1-12x12.png 12w\" sizes=\"auto, (max-width: 320px) 100vw, 320px\" \/><\/span><\/figure><\/div>\n\n\n\n<div class=\"wp-block-stackable-text stk-block-text stk-block stk-4ca68b2\" data-block-id=\"4ca68b2\"><style>.stk-4ca68b2 .stk-block-text__text{font-size:1rem !important;color:var(--stk-global-color-30464, #266674) !important;line-height:24px !important;font-weight:400 !important;}@media screen and (max-width: 1023px){.stk-4ca68b2 .stk-block-text__text{font-size:1rem !important;}}<\/style><p class=\"stk-block-text__text has-text-color has-text-align-center\"> <br><br>In den letzten Wochen herrschte auf dem Campingplatz ein etwas ungew\u00f6hnlicher Betrieb: Es kamen noch keine Urlauber, sondern die technischen Teams! <br><br>Aufstellen der Mobilheime, Verkeilen, Anschl\u00fcsse, Aufbau der Terrassen, Anpflanzen von Str\u00e4uchern und Hecken... Alles wird nach und nach eingerichtet, um einen neuen, angenehmen und landschaftlich gestalteten Bereich zu schaffen.<br><br>Die Arbeiten sind fast abgeschlossen f\u00fcr die <strong><a href=\"https:\/\/mirabel-ermitage.com\/de\/vermietung-von-mobilheimen-in-granville\/\" data-type=\"page\" data-id=\"1408\">7 brandneue Mobilheime<\/a><\/strong> zur Miete. <\/p><\/div>\n<\/div>\n<\/div><\/div><\/div>\n<\/div><\/div>\n\n\n\n<div class=\"wp-block-stackable-columns stk-block-columns stk-block stk-722a206\" data-block-id=\"722a206\"><div class=\"stk-row stk-inner-blocks stk-block-content stk-content-align stk-722a206-column\">\n<div class=\"wp-block-stackable-column stk-block-column stk-column stk-block stk-2c04e67\" data-v=\"4\" data-block-id=\"2c04e67\"><div class=\"stk-column-wrapper stk-block-column__content stk-container stk-2c04e67-container stk--no-background stk--no-padding\"><div class=\"stk-block-content stk-inner-blocks stk-2c04e67-inner-blocks\">\n<div class=\"wp-block-stackable-image stk-block-image stk-block stk-b608ea6\" data-block-id=\"b608ea6\"><figure><span class=\"stk-img-wrapper stk-image--shape-stretch\"><img loading=\"lazy\" decoding=\"async\" class=\"stk-img wp-image-1933\" src=\"https:\/\/mirabel-ermitage.com\/wp-content\/uploads\/2026\/03\/chantier-en-cours-mobilhomes-1chambre.jpg\" width=\"799\" height=\"600\" alt=\"Aufstellung der Mobilheime mit 1 Schlafzimmer auf dem Campingplatz Mirabel l&#039;Ermitage, Granville, Manche\" srcset=\"https:\/\/mirabel-ermitage.com\/wp-content\/uploads\/2026\/03\/chantier-en-cours-mobilhomes-1chambre.jpg 799w, https:\/\/mirabel-ermitage.com\/wp-content\/uploads\/2026\/03\/chantier-en-cours-mobilhomes-1chambre-300x225.jpg 300w, https:\/\/mirabel-ermitage.com\/wp-content\/uploads\/2026\/03\/chantier-en-cours-mobilhomes-1chambre-768x577.jpg 768w, https:\/\/mirabel-ermitage.com\/wp-content\/uploads\/2026\/03\/chantier-en-cours-mobilhomes-1chambre-16x12.jpg 16w, https:\/\/mirabel-ermitage.com\/wp-content\/uploads\/2026\/03\/chantier-en-cours-mobilhomes-1chambre-500x375.jpg 500w\" sizes=\"auto, (max-width: 799px) 100vw, 799px\" \/><\/span><\/figure><\/div>\n<\/div><\/div><\/div>\n\n\n\n<div class=\"wp-block-stackable-column stk-block-column stk-column stk-block stk-b3fcb06\" data-v=\"4\" data-block-id=\"b3fcb06\"><div class=\"stk-column-wrapper stk-block-column__content stk-container stk-b3fcb06-container stk--no-background stk--no-padding\"><div class=\"stk-block-content stk-inner-blocks stk-b3fcb06-inner-blocks\">\n<div class=\"wp-block-stackable-image stk-block-image stk-block stk-c8c4909\" data-block-id=\"c8c4909\"><figure><span class=\"stk-img-wrapper stk-image--shape-stretch\"><img loading=\"lazy\" decoding=\"async\" class=\"stk-img wp-image-1935\" src=\"https:\/\/mirabel-ermitage.com\/wp-content\/uploads\/2026\/03\/travaux-terrasse-mobilhome.jpg\" width=\"800\" height=\"600\" alt=\"Gestaltung der Terrasse auf einem Mobilheim mit 3 Schlafzimmern in Granville im \u00c4rmelkanal\" srcset=\"https:\/\/mirabel-ermitage.com\/wp-content\/uploads\/2026\/03\/travaux-terrasse-mobilhome.jpg 800w, https:\/\/mirabel-ermitage.com\/wp-content\/uploads\/2026\/03\/travaux-terrasse-mobilhome-300x225.jpg 300w, https:\/\/mirabel-ermitage.com\/wp-content\/uploads\/2026\/03\/travaux-terrasse-mobilhome-768x576.jpg 768w, https:\/\/mirabel-ermitage.com\/wp-content\/uploads\/2026\/03\/travaux-terrasse-mobilhome-16x12.jpg 16w, https:\/\/mirabel-ermitage.com\/wp-content\/uploads\/2026\/03\/travaux-terrasse-mobilhome-500x375.jpg 500w\" sizes=\"auto, (max-width: 800px) 100vw, 800px\" \/><\/span><\/figure><\/div>\n<\/div><\/div><\/div>\n\n\n\n<div class=\"wp-block-stackable-column stk-block-column stk-column stk-block stk-f0354b4\" data-v=\"4\" data-block-id=\"f0354b4\"><div class=\"stk-column-wrapper stk-block-column__content stk-container stk-f0354b4-container stk--no-background stk--no-padding\"><div class=\"stk-block-content stk-inner-blocks stk-f0354b4-inner-blocks\">\n<div class=\"wp-block-stackable-image stk-block-image stk-block stk-4a2e364\" data-block-id=\"4a2e364\"><figure><span class=\"stk-img-wrapper stk-image--shape-stretch\"><img loading=\"lazy\" decoding=\"async\" class=\"stk-img wp-image-1934\" src=\"https:\/\/mirabel-ermitage.com\/wp-content\/uploads\/2026\/03\/mobilhome-3chambres-haie.jpg\" width=\"800\" height=\"600\" alt=\"heckenpflanzung um die mobilheime camping manche\" srcset=\"https:\/\/mirabel-ermitage.com\/wp-content\/uploads\/2026\/03\/mobilhome-3chambres-haie.jpg 800w, https:\/\/mirabel-ermitage.com\/wp-content\/uploads\/2026\/03\/mobilhome-3chambres-haie-300x225.jpg 300w, https:\/\/mirabel-ermitage.com\/wp-content\/uploads\/2026\/03\/mobilhome-3chambres-haie-768x576.jpg 768w, https:\/\/mirabel-ermitage.com\/wp-content\/uploads\/2026\/03\/mobilhome-3chambres-haie-16x12.jpg 16w, https:\/\/mirabel-ermitage.com\/wp-content\/uploads\/2026\/03\/mobilhome-3chambres-haie-500x375.jpg 500w\" sizes=\"auto, (max-width: 800px) 100vw, 800px\" \/><\/span><\/figure><\/div>\n<\/div><\/div><\/div>\n<\/div><\/div>\n\n\n\n<h2 class=\"wp-block-heading\" data-block-type=\"core\">Buchen Sie Ihre Mobilheimmiete im Departement Manche<\/h2>\n\n\n\n<p data-block-type=\"core\">Ob Sie ein Wochenende in der Normandie oder einen l\u00e4ngeren Aufenthalt w\u00e4hrend der Schulferien planen, der Campingplatz Camping de l'Ermitage bietet Ihnen eine ideale Unterkunftsl\u00f6sung.<\/p>\n\n\n\n<p data-block-type=\"core\">Ein Mobilheim auf dem Campingplatz zu buchen, bedeutet zu w\u00e4hlen :<\/p>\n\n\n\n<ul class=\"wp-block-list\" data-block-type=\"core\">\n<li data-block-type=\"core\">eine komfortable Unterkunft<\/li>\n\n\n\n<li data-block-type=\"core\">ein Campingplatz mit menschlicher Gr\u00f6\u00dfe<\/li>\n\n\n\n<li data-block-type=\"core\">eine warme und famili\u00e4re Atmosph\u00e4re<\/li>\n\n\n\n<li data-block-type=\"core\">eine privilegierte Lage in der N\u00e4he von Granville<\/li>\n<\/ul>\n\n\n\n<p data-block-type=\"core\">Entdecken Sie jetzt die verschiedenen verf\u00fcgbaren Modelle und planen Sie Ihren n\u00e4chsten Urlaub auf dem Camping de l'Ermitage.<\/p>","protected":false},"excerpt":{"rendered":"<p>Vous cherchez \u00e0 louer un mobil-home dans la Manche&nbsp;pour vos prochaines vacances en famille ou entre amis ? Le Camping de l\u2019Ermitage vous accueille \u00e0 proximit\u00e9 de Granville, dans un cadre convivial et verdoyant, id\u00e9al pour profiter du littoral normand tout en b\u00e9n\u00e9ficiant du confort d\u2019un h\u00e9bergement tout \u00e9quip\u00e9. Location de mobil-home dans la Manche [&hellip;]<\/p>\n","protected":false},"author":2,"featured_media":1934,"comment_status":"closed","ping_status":"closed","sticky":false,"template":"","format":"standard","meta":{"_acf_changed":false,"_seopress_robots_primary_cat":"none","_seopress_titles_title":"Location mobil-home Manche | Camping de l\u2019Ermitage pr\u00e8s de Granville","_seopress_titles_desc":"S\u00e9journez en location mobil-home dans la Manche pr\u00e8s de Granville : mobil-homes 2 et 3 chambres, cadre familial proche de la mer.","_seopress_robots_index":"","_vp_format_video_url":"","_vp_image_focal_point":[],"footnotes":""},"categories":[1],"tags":[],"class_list":["post-1929","post","type-post","status-publish","format-standard","has-post-thumbnail","hentry","category-uncategorized"],"acf":[],"_links":{"self":[{"href":"https:\/\/mirabel-ermitage.com\/de\/wp-json\/wp\/v2\/posts\/1929","targetHints":{"allow":["GET"]}}],"collection":[{"href":"https:\/\/mirabel-ermitage.com\/de\/wp-json\/wp\/v2\/posts"}],"about":[{"href":"https:\/\/mirabel-ermitage.com\/de\/wp-json\/wp\/v2\/types\/post"}],"author":[{"embeddable":true,"href":"https:\/\/mirabel-ermitage.com\/de\/wp-json\/wp\/v2\/users\/2"}],"replies":[{"embeddable":true,"href":"https:\/\/mirabel-ermitage.com\/de\/wp-json\/wp\/v2\/comments?post=1929"}],"version-history":[{"count":9,"href":"https:\/\/mirabel-ermitage.com\/de\/wp-json\/wp\/v2\/posts\/1929\/revisions"}],"predecessor-version":[{"id":1948,"href":"https:\/\/mirabel-ermitage.com\/de\/wp-json\/wp\/v2\/posts\/1929\/revisions\/1948"}],"wp:featuredmedia":[{"embeddable":true,"href":"https:\/\/mirabel-ermitage.com\/de\/wp-json\/wp\/v2\/media\/1934"}],"wp:attachment":[{"href":"https:\/\/mirabel-ermitage.com\/de\/wp-json\/wp\/v2\/media?parent=1929"}],"wp:term":[{"taxonomy":"category","embeddable":true,"href":"https:\/\/mirabel-ermitage.com\/de\/wp-json\/wp\/v2\/categories?post=1929"},{"taxonomy":"post_tag","embeddable":true,"href":"https:\/\/mirabel-ermitage.com\/de\/wp-json\/wp\/v2\/tags?post=1929"}],"curies":[{"name":"wp","href":"https:\/\/api.w.org\/{rel}","templated":true}]}}