{"id":1575,"date":"2025-12-03T11:41:24","date_gmt":"2025-12-03T10:41:24","guid":{"rendered":"https:\/\/mirabel-ermitage.com\/?p=1575"},"modified":"2026-01-19T11:08:28","modified_gmt":"2026-01-19T10:08:28","slug":"2026-reserveringen-geopend-op-de-camping","status":"publish","type":"post","link":"https:\/\/mirabel-ermitage.com\/nl\/reservations-2026-ouvertes-au-camping\/","title":{"rendered":"2026 reserveringen geopend op de camping"},"content":{"rendered":"<p data-block-type=\"core\">27\/11\/2025<\/p>\n\n\n\n<h2 class=\"wp-block-heading\" data-block-type=\"core\">Kom je volgende vakantie doorbrengen in Donville-les-Bains in 2026, net buiten Granville. Onze 3-sterrencamping heet jou en je kleine gezin van harte welkom voor een vakantie aan zee in Normandi\u00eb.<\/h2>\n\n\n\n<div class=\"wp-block-stackable-columns stk-block-columns stk-block stk-c109665\" data-block-id=\"c109665\"><div class=\"stk-row stk-inner-blocks stk-block-content stk-content-align stk-c109665-column\">\n<div class=\"wp-block-stackable-column stk-block-column stk-column stk-block stk-a59fd82\" data-v=\"4\" data-block-id=\"a59fd82\"><div class=\"stk-column-wrapper stk-block-column__content stk-container stk-a59fd82-container stk--no-background stk--no-padding\"><div class=\"stk-block-content stk-inner-blocks stk-a59fd82-inner-blocks\">\n<figure class=\"wp-block-image size-full\" data-block-type=\"core\"><img loading=\"lazy\" decoding=\"async\" width=\"650\" height=\"420\" src=\"https:\/\/mirabel-ermitage.com\/wp-content\/uploads\/2025\/12\/prolong-early-booking-2026.jpg\" alt=\"vroegboekaanbieding verlenging\" class=\"wp-image-1851\" srcset=\"https:\/\/mirabel-ermitage.com\/wp-content\/uploads\/2025\/12\/prolong-early-booking-2026.jpg 650w, https:\/\/mirabel-ermitage.com\/wp-content\/uploads\/2025\/12\/prolong-early-booking-2026-300x194.jpg 300w, https:\/\/mirabel-ermitage.com\/wp-content\/uploads\/2025\/12\/prolong-early-booking-2026-18x12.jpg 18w, https:\/\/mirabel-ermitage.com\/wp-content\/uploads\/2025\/12\/prolong-early-booking-2026-500x323.jpg 500w\" sizes=\"auto, (max-width: 650px) 100vw, 650px\" \/><\/figure>\n<\/div><\/div><\/div>\n\n\n\n<div class=\"wp-block-stackable-column stk-block-column stk-column stk-block stk-a392789\" data-v=\"4\" data-block-id=\"a392789\"><div class=\"stk-column-wrapper stk-block-column__content stk-container stk-a392789-container stk--no-background stk--no-padding\"><div class=\"stk-block-content stk-inner-blocks stk-a392789-inner-blocks\">\n<div class=\"wp-block-stackable-text stk-block-text stk-block stk-eff76bf\" data-block-id=\"eff76bf\"><p class=\"stk-block-text__text\">Staat de winter voor de deur en heb je zin om te overwinteren? <br>Boek je volgende vakantie aan zee voordat je je als een bosmarmot in een cocooning-modus stort.<br>Zodra je lekker onder de deken ligt, hoef je je alleen nog maar je toekomstige escapades voor de Chausey-eilanden voor te stellen.<\/p><\/div>\n\n\n\n<h2 class=\"wp-block-heading\" data-block-type=\"core\">Reservering vakantie voor 2026 op camping Mirabel l'Ermitage<\/h2>\n\n\n\n<p data-block-type=\"core\">Je droomt al van de zon, dus nu is het tijd om te boeken<strong>\u00a0uw volgende vakantie<\/strong>\u00a0! Tot\u00a0<strong>2 februari 2026<\/strong>, profiteren van een verlaagd tarief\u00a0<strong>omlaag naar -15%\u00a0<\/strong>op uw <strong>locatie :<a href=\"https:\/\/mirabel-ermitage.com\/nl\/verhuur-van-stacaravans-in-granville\/\" data-type=\"page\" data-id=\"1408\">stacaravan<\/a> of <a href=\"https:\/\/mirabel-ermitage.com\/nl\/hosting\/lodgetent\/\" data-type=\"hebergement\" data-id=\"668\">omgebouwde tent<\/a>\u00a0<\/strong>in onze\u00a0<strong>Camping Mirabel l'Ermitage<\/strong>\u00a0op een steenworp afstand van Granville.<\/p>\n\n\n\n<p data-block-type=\"core\">Als je nu boekt, kun je je kampeerplaats kiezen. We verwelkomen je graag voor een weekje vakantie met de kinderen deze zomer, of een romantisch weekendje weg in het voorjaar. <\/p>\n<\/div><\/div><\/div>\n<\/div><\/div>\n\n\n\n<div class=\"wp-block-stackable-columns stk-block-columns stk-block stk-0613333\" data-block-id=\"0613333\"><div class=\"stk-row stk-inner-blocks stk-block-content stk-content-align stk-0613333-column\">\n<div class=\"wp-block-stackable-column stk-block-column stk-column stk-block stk-0fd15fb\" data-v=\"4\" data-block-id=\"0fd15fb\"><div class=\"stk-column-wrapper stk-block-column__content stk-container stk-0fd15fb-container stk--no-background stk--no-padding\"><div class=\"stk-block-content stk-inner-blocks stk-0fd15fb-inner-blocks\">\n<h2 class=\"wp-block-heading\" data-block-type=\"core\">NIEUW: 7 gloednieuwe stacaravans voor de lente!<\/h2>\n\n\n\n<p data-block-type=\"core\">Camping de l'Ermitage maakt zich klaar om de lente van 2026 te verwelkomen met een leuke verrassing: de komst van&nbsp;<strong>7 gloednieuwe stacaravans<\/strong>&nbsp;beschikbaar voor verhuur!<\/p>\n\n\n\n<p data-block-type=\"core\">Je kunt kiezen uit&nbsp;<strong>Stacaravans met 1 tot 3 slaapkamers<\/strong>, elk uitgerust met een&nbsp;<strong>overdekt terras<\/strong>, Het is de ideale manier om te genieten van avonden buiten, met familie of vrienden.<br>En zodat iedereen in alle rust van zijn vakantie kan genieten, hebben we ook een&nbsp;<strong>stacaravan PMR, aangepast voor mensen met beperkte mobiliteit<\/strong>.<\/p>\n\n\n\n<p data-block-type=\"core\">Nog even wachten... en maak je klaar om je toekomstige vakantiecocon te ontdekken voor een vriendelijk, natuurlijk en comfortabel verblijf in het hart van Camping de l'Ermitage! <\/p>\n\n\n\n<div class=\"wp-block-stackable-button-group stk-block-button-group stk-block stk-4d02a44\" data-block-id=\"4d02a44\"><div class=\"stk-row stk-inner-blocks stk-block-content stk-button-group\">\n<div class=\"wp-block-stackable-button stk-block-button stk-block stk-ab69183\" data-block-id=\"ab69183\"><style>.stk-ab69183 .stk-button{background:var(--stk-global-color-72277, #ff665c) !important;border-top-left-radius:30px !important;border-top-right-radius:30px !important;border-bottom-right-radius:30px !important;border-bottom-left-radius:30px !important;}<\/style><a class=\"stk-link stk-button stk--hover-effect-darken\" href=\"https:\/\/mirabel-ermitage.com\/nl\/verhuur-van-stacaravans-in-granville\/\"><span class=\"stk-button__inner-text\">Lees hier meer <\/span><\/a><\/div>\n<\/div><\/div>\n<\/div><\/div><\/div>\n\n\n\n<div class=\"wp-block-stackable-column stk-block-column stk-column stk-block stk-573062b\" data-v=\"4\" data-block-id=\"573062b\"><div class=\"stk-column-wrapper stk-block-column__content stk-container stk-573062b-container stk--no-background stk--no-padding\"><div class=\"stk-block-content stk-inner-blocks stk-573062b-inner-blocks\">\n<figure class=\"wp-block-image size-large\" data-block-type=\"core\"><img loading=\"lazy\" decoding=\"async\" width=\"1024\" height=\"768\" src=\"https:\/\/mirabel-ermitage.com\/wp-content\/uploads\/2025\/11\/vente-mobil-home-rapidhome-lodge77-1-1024x768.jpg\" alt=\"verschillende modellen stacaravans te koop op de camping, zoals de Lodge Rapidhome\" class=\"wp-image-1552\" srcset=\"https:\/\/mirabel-ermitage.com\/wp-content\/uploads\/2025\/11\/vente-mobil-home-rapidhome-lodge77-1-1024x768.jpg 1024w, https:\/\/mirabel-ermitage.com\/wp-content\/uploads\/2025\/11\/vente-mobil-home-rapidhome-lodge77-1-300x225.jpg 300w, https:\/\/mirabel-ermitage.com\/wp-content\/uploads\/2025\/11\/vente-mobil-home-rapidhome-lodge77-1-768x576.jpg 768w, https:\/\/mirabel-ermitage.com\/wp-content\/uploads\/2025\/11\/vente-mobil-home-rapidhome-lodge77-1-16x12.jpg 16w, https:\/\/mirabel-ermitage.com\/wp-content\/uploads\/2025\/11\/vente-mobil-home-rapidhome-lodge77-1-500x375.jpg 500w, https:\/\/mirabel-ermitage.com\/wp-content\/uploads\/2025\/11\/vente-mobil-home-rapidhome-lodge77-1-800x600.jpg 800w, https:\/\/mirabel-ermitage.com\/wp-content\/uploads\/2025\/11\/vente-mobil-home-rapidhome-lodge77-1.jpg 1200w\" sizes=\"auto, (max-width: 1024px) 100vw, 1024px\" \/><\/figure>\n<\/div><\/div><\/div>\n<\/div><\/div>\n\n\n\n<div class=\"wp-block-stackable-columns stk-block-columns stk-block stk-33497b9 stk-block-background\" data-block-id=\"33497b9\"><style>.stk-33497b9 {border-top-left-radius:5px !important;border-top-right-radius:5px !important;border-bottom-right-radius:5px !important;border-bottom-left-radius:5px !important;overflow:hidden !important;border-style:solid !important;border-color:var(--stk-global-color-30464, #266674) !important;border-top-width:0px !important;border-right-width:0px !important;border-bottom-width:0px !important;border-left-width:0px !important;}<\/style><div class=\"stk-row stk-inner-blocks stk-block-content stk-content-align stk-33497b9-column\">\n<div class=\"wp-block-stackable-column stk-block-column stk-column stk-block stk-895fd7b\" data-v=\"4\" data-block-id=\"895fd7b\"><div class=\"stk-column-wrapper stk-block-column__content stk-container stk-895fd7b-container stk--no-background stk--no-padding\"><div class=\"stk-block-content stk-inner-blocks stk-895fd7b-inner-blocks\">\n<h2 class=\"wp-block-heading has-text-align-center\" style=\"border-style:none;border-width:0px;border-radius:5px\" data-block-type=\"core\">Vroegboekaanbieding: geweldige vakanties in Granville<\/h2>\n\n\n\n<p class=\"has-text-align-left\" data-block-type=\"core\">Huidige aanbieding voor&nbsp;<strong>goedkope vakanties<\/strong>&nbsp;op&nbsp;<strong>camping bij Granville.<\/strong>&nbsp;Korting op je volgende vakantie in 2026 - deze deal mag je niet missen!<\/p>\n\n\n\n<ul class=\"wp-block-list\" data-block-type=\"core\">\n<li data-block-type=\"core\">-15% korting voor 3 nachten of meer van mei tot juni &amp; van september tot eind oktober (met uitzondering van feestdagen)<\/li>\n\n\n\n<li data-block-type=\"core\">aanbieding geldig tot 2 februari 2026<\/li>\n<\/ul>\n\n\n\n<div class=\"wp-block-stackable-button-group stk-block-button-group stk-block stk-a1c1b4d\" data-block-id=\"a1c1b4d\"><div class=\"stk-row stk-inner-blocks has-text-align-center stk-block-content stk-button-group\">\n<div class=\"wp-block-stackable-button stk-block-button has-text-align-center stk-block stk-486385a\" data-block-id=\"486385a\"><style>.stk-486385a .stk-button{background:var(--stk-global-color-72277, #ff665c) !important;border-top-left-radius:30px !important;border-top-right-radius:30px !important;border-bottom-right-radius:30px !important;border-bottom-left-radius:30px !important;}<\/style><a class=\"stk-link stk-button stk--hover-effect-darken\" href=\"\" target=\"_blank\" rel=\"noreferrer noopener\"><span class=\"stk-button__inner-text\"><strong>Ik maak gebruik van het aanbod <\/strong><\/span><\/a><\/div>\n<\/div><\/div>\n<\/div><\/div><\/div>\n<\/div><\/div>","protected":false},"excerpt":{"rendered":"<p>27\/11\/2025 Venez passer vos prochaines vacances \u00e0 Donville-les-Bains en 2026, juste \u00e0 c\u00f4t\u00e9 de Granville. Notre camping 3 \u00e9toiles vous accueille chaleureusement, vous et votre petite famille pour un s\u00e9jour au bord de la mer en Normandie. L\u2019hiver arrive et l\u2019envie d\u2019hiberner se fait sentir ? Avant de vous mettre en mode cocooning total comme [&hellip;]<\/p>\n","protected":false},"author":2,"featured_media":1851,"comment_status":"open","ping_status":"open","sticky":false,"template":"","format":"standard","meta":{"_acf_changed":false,"_seopress_robots_primary_cat":"none","_seopress_titles_title":"%%post_title%% %%sitetitle%%","_seopress_titles_desc":"%%post_excerpt%%","_seopress_robots_index":"","_vp_format_video_url":"","_vp_image_focal_point":[],"footnotes":""},"categories":[9],"tags":[],"class_list":["post-1575","post","type-post","status-publish","format-standard","has-post-thumbnail","hentry","category-articles"],"acf":[],"_links":{"self":[{"href":"https:\/\/mirabel-ermitage.com\/nl\/wp-json\/wp\/v2\/posts\/1575","targetHints":{"allow":["GET"]}}],"collection":[{"href":"https:\/\/mirabel-ermitage.com\/nl\/wp-json\/wp\/v2\/posts"}],"about":[{"href":"https:\/\/mirabel-ermitage.com\/nl\/wp-json\/wp\/v2\/types\/post"}],"author":[{"embeddable":true,"href":"https:\/\/mirabel-ermitage.com\/nl\/wp-json\/wp\/v2\/users\/2"}],"replies":[{"embeddable":true,"href":"https:\/\/mirabel-ermitage.com\/nl\/wp-json\/wp\/v2\/comments?post=1575"}],"version-history":[{"count":7,"href":"https:\/\/mirabel-ermitage.com\/nl\/wp-json\/wp\/v2\/posts\/1575\/revisions"}],"predecessor-version":[{"id":1852,"href":"https:\/\/mirabel-ermitage.com\/nl\/wp-json\/wp\/v2\/posts\/1575\/revisions\/1852"}],"wp:featuredmedia":[{"embeddable":true,"href":"https:\/\/mirabel-ermitage.com\/nl\/wp-json\/wp\/v2\/media\/1851"}],"wp:attachment":[{"href":"https:\/\/mirabel-ermitage.com\/nl\/wp-json\/wp\/v2\/media?parent=1575"}],"wp:term":[{"taxonomy":"category","embeddable":true,"href":"https:\/\/mirabel-ermitage.com\/nl\/wp-json\/wp\/v2\/categories?post=1575"},{"taxonomy":"post_tag","embeddable":true,"href":"https:\/\/mirabel-ermitage.com\/nl\/wp-json\/wp\/v2\/tags?post=1575"}],"curies":[{"name":"wp","href":"https:\/\/api.w.org\/{rel}","templated":true}]}}